{"id":514,"date":"2022-05-17T23:27:11","date_gmt":"2022-05-17T21:27:11","guid":{"rendered":"https:\/\/stefantell.se\/blogg2\/?p=514"},"modified":"2022-05-31T22:43:55","modified_gmt":"2022-05-31T20:43:55","slug":"valkommen-tillbaka-till-blogg2","status":"publish","type":"post","link":"https:\/\/stefantell.se\/blogg2\/valkommen-tillbaka-till-blogg2\/","title":{"rendered":"V\u00e4lkommen tillbaka, till blogg2"},"content":{"rendered":"\n<p><a href=\"https:\/\/www.stefantell.se\/blogg\/\" target=\"_blank\" rel=\"noreferrer noopener\">17:e juni 2020 skrev jag ett blogginl\u00e4gg<\/a>, sen tog jag en paus. Exakt varf\u00f6r jag tog en paus kan jag inte riktigt svara p\u00e5, men nu \u00e4r den pausen slut. Det var f\u00f6rresten inte s\u00e4rskilt bra att g\u00f6ra ett s\u00e5 l\u00e5ngt uppeh\u00e5ll. Att uppr\u00e4tth\u00e5lla en rutin, om \u00e4n p\u00e5 sparl\u00e5ga, \u00e4r inte j\u00e4ttejobbigt. Men att p\u00e5b\u00f6rja en ny rutin \u00e4r betydligt sv\u00e5rare.<\/p>\n\n\n\n<p>Jag har verkligen saknat att blogga, men samtidigt blev jag lite f\u00f6r l\u00e5st i det f\u00f6rra formatet. Den h\u00e4r g\u00e5ngen t\u00e4nkte jag vara lite friare, s\u00e5 du kanske inte kommer gilla varenda inl\u00e4gg? F\u00f6rhoppningsvis kommer du f\u00f6lja bloggen och hitta n\u00e5got l\u00e4sv\u00e4rt d\u00e5 och d\u00e5.<\/p>\n\n\n\n<p>Det \u00e4r ingen id\u00e9 att jag formulerar n\u00e5gon exakt plan f\u00f6r vad det ska bli av blogg2, annat \u00e4n att jag kallar den s\u00e5. Den f\u00f6rra bloggen f\u00e5r ligga kvar och jag kommer nog l\u00e4nka till den d\u00e5 och d\u00e5, men mer som ett arkiv \u00e4n n\u00e5got aktivt.<\/p>\n\n\n\n<p>En sak jag kan s\u00e4ga direkt om den nya bloggen, den kommer vara betydligt mer full av stort och sm\u00e5tt, l\u00e5ngt och kort plus lite annat. Ett fl\u00f6de helt enkelt.<\/p>\n\n\n\n<p>Och som tidigare, jag hoppas du h\u00f6r av dig om du har fr\u00e5gor eller kommentarer p\u00e5 det jag skriver om. Det blir alltid mer intressant d\u00e5.<\/p>\n","protected":false},"excerpt":{"rendered":"<p>17:e juni 2020 skrev jag ett blogginl\u00e4gg, sen tog jag en paus. Exakt varf\u00f6r jag tog en paus kan jag inte riktigt svara p\u00e5, men nu \u00e4r den pausen slut. Det var f\u00f6rresten inte s\u00e4rskilt bra att g\u00f6ra ett s\u00e5 l\u00e5ngt uppeh\u00e5ll. Att uppr\u00e4tth\u00e5lla en rutin, om \u00e4n p\u00e5 sparl\u00e5ga, \u00e4r inte j\u00e4ttejobbigt. Men att p\u00e5b\u00f6rja en ny rutin \u00e4r betydligt sv\u00e5rare. Jag har verkligen&#8230; <\/p>\n<p class=\"more\"><a class=\"more-link\" href=\"https:\/\/stefantell.se\/blogg2\/valkommen-tillbaka-till-blogg2\/\">L\u00e4s hela inl\u00e4gget<\/a><\/p>\n","protected":false},"author":1,"featured_media":515,"comment_status":"open","ping_status":"open","sticky":false,"template":"","format":"standard","meta":{"_monsterinsights_skip_tracking":false,"_monsterinsights_sitenote_active":false,"_monsterinsights_sitenote_note":"","_monsterinsights_sitenote_category":0,"footnotes":""},"categories":[1],"tags":[],"class_list":["post-514","post","type-post","status-publish","format-standard","has-post-thumbnail","hentry","category-uncategorized","is-cat-link-borders-light is-cat-link-rounded"],"aioseo_notices":[],"jetpack_sharing_enabled":true,"jetpack_featured_media_url":"https:\/\/stefantell.se\/blogg2\/wp-content\/uploads\/2022\/05\/gamlabloggen.jpg","_links":{"self":[{"href":"https:\/\/stefantell.se\/blogg2\/wp-json\/wp\/v2\/posts\/514","targetHints":{"allow":["GET"]}}],"collection":[{"href":"https:\/\/stefantell.se\/blogg2\/wp-json\/wp\/v2\/posts"}],"about":[{"href":"https:\/\/stefantell.se\/blogg2\/wp-json\/wp\/v2\/types\/post"}],"author":[{"embeddable":true,"href":"https:\/\/stefantell.se\/blogg2\/wp-json\/wp\/v2\/users\/1"}],"replies":[{"embeddable":true,"href":"https:\/\/stefantell.se\/blogg2\/wp-json\/wp\/v2\/comments?post=514"}],"version-history":[{"count":2,"href":"https:\/\/stefantell.se\/blogg2\/wp-json\/wp\/v2\/posts\/514\/revisions"}],"predecessor-version":[{"id":517,"href":"https:\/\/stefantell.se\/blogg2\/wp-json\/wp\/v2\/posts\/514\/revisions\/517"}],"wp:featuredmedia":[{"embeddable":true,"href":"https:\/\/stefantell.se\/blogg2\/wp-json\/wp\/v2\/media\/515"}],"wp:attachment":[{"href":"https:\/\/stefantell.se\/blogg2\/wp-json\/wp\/v2\/media?parent=514"}],"wp:term":[{"taxonomy":"category","embeddable":true,"href":"https:\/\/stefantell.se\/blogg2\/wp-json\/wp\/v2\/categories?post=514"},{"taxonomy":"post_tag","embeddable":true,"href":"https:\/\/stefantell.se\/blogg2\/wp-json\/wp\/v2\/tags?post=514"}],"curies":[{"name":"wp","href":"https:\/\/api.w.org\/{rel}","templated":true}]}}