{"id":551,"date":"2022-05-22T01:24:01","date_gmt":"2022-05-21T23:24:01","guid":{"rendered":"https:\/\/stefantell.se\/blogg2\/?p=551"},"modified":"2022-05-22T01:24:05","modified_gmt":"2022-05-21T23:24:05","slug":"nagra-erfarenheter-av-att-borja-blogga-igen","status":"publish","type":"post","link":"https:\/\/stefantell.se\/blogg2\/nagra-erfarenheter-av-att-borja-blogga-igen\/","title":{"rendered":"N\u00e5gra erfarenheter av att b\u00f6rja blogga. Igen."},"content":{"rendered":"\n<p>I april 2008 b\u00f6rjade jag blogga f\u00f6r f\u00f6rsta g\u00e5ngen. Jag har nog skrivit n\u00e5gra inl\u00e4gg om det redan, men sen tog jag av n\u00e5gon outgrundlig anledning en paus 2020, tolv \u00e5r senare. Det borde jag verkligen inte ha gjort, men det har \u00e4nd\u00e5 varit en nyttig erfarenhet.<\/p>\n\n\n\n<p>Fr\u00e5n att ha skrivit inl\u00e4gg om verkligen allt m\u00f6jligt, till att rensa bort i spretigheten s\u00e5 det blev ett r\u00e4tt fokuserat inneh\u00e5ll om f\u00f6retagande, fotografyrket och blandade tips. Kanske var det den grejen som blev lite trist f\u00f6r mig, att k\u00e4nna det som att jag skrev samma fem eller tio olika inl\u00e4gg g\u00e5ng p\u00e5 g\u00e5ng, men med olika bilder och exempel?<\/p>\n\n\n\n<h2 class=\"wp-block-heading\">L\u00e5st i en form, men varf\u00f6r?<\/h2>\n\n\n\n<p>Innan responsiva webbplatser och smarta WordPress-teman var allt ganska stelt. Man gjorde bilderna i exakt den storlek som de skulle visas och optimerade g\u00e4rna filstorleken s\u00e5 gott det gick. D\u00e5 blir det sv\u00e5rt att senare \u00e4ndra layout till n\u00e5got annat n\u00e4r all grafik \u00e4r anpassad till n\u00e5got gammalt och s\u00e4kert alldeles f\u00f6r l\u00e5guppl\u00f6st.<\/p>\n\n\n\n<p>Att sitta och g\u00f6ra om alla bilder s\u00e5 de funkar f\u00f6r en modern layout k\u00e4nns inte j\u00e4ttelockande, och d\u00e4rf\u00f6r kanske blev det n\u00e5got av med moderniseringen?<\/p>\n\n\n\n<p>S\u00e5 jag fortsatte i samma l\u00e5sta form, vilket till slut k\u00e4ndes begr\u00e4nsande och lite trist.<\/p>\n\n\n\n<h2 class=\"wp-block-heading\">Ny id\u00e9: b\u00f6rja med inneh\u00e5llet<\/h2>\n\n\n\n<p>Den h\u00e4r g\u00e5ngen ska jag mer k\u00f6ra p\u00e5 det som g\u00f6r mig glad och ger mig energi. F\u00e5 ur mig s\u00e5nt jag vill f\u00e5 ur mig, inte v\u00e4nta till dess jag har en perfekt mall som passar allt. D\u00e4rf\u00f6r har jag valt ett WordPress-tema jag t\u00e4nker kan \u00e4ndras lite \u00f6ver tid s\u00e5 det blir l\u00e4ttanv\u00e4nt f\u00f6r dig som l\u00e4ser, och f\u00f6r mig som skriver.<\/p>\n\n\n\n<p>Det f\u00e5r bli ett fl\u00f6de f\u00f6rst, jag saknar inte rubriker att skriva om, men jag beh\u00f6ver inte vara klar med inramningen. Den kan f\u00e5 \u00e4ndras \u00f6ver tid n\u00e4r det k\u00e4nns som det beh\u00f6vs.<\/p>\n\n\n\n<h2 class=\"wp-block-heading\">Fastna inte i ramverket<\/h2>\n\n\n\n<p>Etiketter och kategorier \u00e4r skitsmart att ha p\u00e5 en blogg, det \u00e4r ov\u00e4rdeligt om man fram\u00f6ver vill kunna g\u00f6ra inneh\u00e5llet s\u00e5 mycket mer givande med h\u00e4nvisningar till andra relaterade inl\u00e4gg. Men m\u00e5ste man ha best\u00e4mt sig innan man ens b\u00f6rjat skriva vilka taggar och omr\u00e5den som ska finnas?<\/p>\n\n\n\n<p>D\u00e4r kan man ju v\u00e4ldigt l\u00e4tt fastna om man \u00e4r en person som gillar Ordnung! Ska man vara riktigt petig kommer m\u00e5nga inl\u00e4gg ha s\u00e5 m\u00e5nga olika etiketter att det till slut blir \u00f6verfl\u00f6digt och allt leder till allt. Sen vet jag inte om s\u00e5 m\u00e5nga konsumerar en blogg p\u00e5 det viset nuf\u00f6rtiden?<\/p>\n\n\n\n<h2 class=\"wp-block-heading\">Varje inl\u00e4gg, en \u00f6<\/h2>\n\n\n\n<p>Jag grottar inte l\u00e4ngre ner mig i bes\u00f6karstatistik. Det var l\u00e4nge sedan jag tyckte s\u00e5nt var s\u00e4rskilt roligt. Kanske p\u00e5 den tiden Google inte begr\u00e4nsade informationen s\u00e5 mycket och man kunde se vad folk har s\u00f6kt p\u00e5 och varifr\u00e5n de kom. <\/p>\n\n\n\n<p>En sak d\u00e4remot jag har lite koll p\u00e5 \u00e4r att de allra flesta l\u00e4sare av min blogg s\u00f6ker efter n\u00e5got p\u00e5 Google, klickar p\u00e5 en l\u00e4nk till n\u00e5got inl\u00e4gg och sen kanske l\u00e4ser inl\u00e4gget. Punkt.<\/p>\n\n\n\n<p>Kan man f\u00e5 en bes\u00f6kare att klicka sig vidare till ett annat inl\u00e4gg p\u00e5 bloggen \u00e4r det succ\u00e9, men de allra allra flesta \u00e4r antingen n\u00f6jda med vad de har l\u00e4st eller g\u00e5r vidare f\u00f6r att de inte \u00e4r n\u00f6jda. Sv\u00e5rt att veta, men det kanske inte spelar j\u00e4ttestor roll?<\/p>\n\n\n\n<p>Av den anledningen t\u00e4nker jag v\u00e4nta med att f\u00f6rs\u00f6ka knyta ihop en massa inl\u00e4gg, l\u00e4nka hit och dit plus anv\u00e4nda plugins som med alla m\u00f6jliga knep h\u00e5ller kvar bes\u00f6karen p\u00e5 bloggen. N\u00e5gra relaterade inl\u00e4gg kommer visas automatiskt, men mer \u00e4n s\u00e5 blir det inte.<\/p>\n\n\n\n<h2 class=\"wp-block-heading\">H\u00e5ll det enkelt. Kom ig\u00e5ng. Igen.<\/h2>\n\n\n\n<p>Det kommer vara mitt mantra ett tag fram\u00f6ver. Nu har jag tittat p\u00e5 alldeles f\u00f6r m\u00e5nga WordPress-teman, funderat p\u00e5 alldeles f\u00f6r m\u00e5nga plugins och lag f\u00f6r mycket tid p\u00e5 ramverket. Nu \u00e5terst\u00e5r mest att komma ig\u00e5ng med skrivandet.<\/p>\n\n\n\n<h2 class=\"wp-block-heading\">Varf\u00f6r vill jag ha en blogg?<\/h2>\n\n\n\n<p>H\u00e4r har vi ju en rubrik till ett alldeles eget inl\u00e4gg, s\u00e5 jag fattar mig kort.<\/p>\n\n\n\n<p>Att ha en blogg d\u00e4r jag f\u00e5tt dela med mig av alla tankar och id\u00e9er jag haft har varit fantastiskt. Vissa gillar s\u00e5nt, andra inte. Jag har insett att jag beh\u00f6ver det f\u00f6r att m\u00e5 bra.<\/p>\n\n\n\n<p>Sen har jag verkligen saknat responsen som livat upp och utvecklat mig. Det finns ju f\u00e5 saker man l\u00e4r sig s\u00e5 mycket av som att f\u00f6rs\u00f6ka f\u00f6rklara varf\u00f6r man g\u00f6r p\u00e5 ett visst s\u00e4tt.<\/p>\n\n\n\n<p>Jag ska ocks\u00e5 f\u00f6rs\u00f6ka h\u00e5lla mig kort. Kortare i alla fall.<\/p>\n\n\n\n<p>S\u00e5 det f\u00e5r bli mer i ett annat inl\u00e4gg.<\/p>\n\n\n\n<p><em>(Du borde ocks\u00e5 ha en blogg)<\/em><\/p>\n","protected":false},"excerpt":{"rendered":"<p>I april 2008 b\u00f6rjade jag blogga f\u00f6r f\u00f6rsta g\u00e5ngen. Jag har nog skrivit n\u00e5gra inl\u00e4gg om det redan, men sen tog jag av n\u00e5gon outgrundlig anledning en paus 2020, tolv \u00e5r senare. Det borde jag verkligen inte ha gjort, men det har \u00e4nd\u00e5 varit en nyttig erfarenhet. Fr\u00e5n att ha skrivit inl\u00e4gg om verkligen allt m\u00f6jligt, till att rensa bort i spretigheten s\u00e5 det blev&#8230; <\/p>\n<p class=\"more\"><a class=\"more-link\" href=\"https:\/\/stefantell.se\/blogg2\/nagra-erfarenheter-av-att-borja-blogga-igen\/\">L\u00e4s hela inl\u00e4gget<\/a><\/p>\n","protected":false},"author":1,"featured_media":554,"comment_status":"open","ping_status":"open","sticky":false,"template":"","format":"standard","meta":{"_monsterinsights_skip_tracking":false,"_monsterinsights_sitenote_active":false,"_monsterinsights_sitenote_note":"","_monsterinsights_sitenote_category":0,"footnotes":""},"categories":[1],"tags":[],"class_list":["post-551","post","type-post","status-publish","format-standard","has-post-thumbnail","hentry","category-uncategorized","is-cat-link-borders-light is-cat-link-rounded"],"aioseo_notices":[],"jetpack_sharing_enabled":true,"jetpack_featured_media_url":"https:\/\/stefantell.se\/blogg2\/wp-content\/uploads\/2022\/05\/ny-blogg.png","_links":{"self":[{"href":"https:\/\/stefantell.se\/blogg2\/wp-json\/wp\/v2\/posts\/551","targetHints":{"allow":["GET"]}}],"collection":[{"href":"https:\/\/stefantell.se\/blogg2\/wp-json\/wp\/v2\/posts"}],"about":[{"href":"https:\/\/stefantell.se\/blogg2\/wp-json\/wp\/v2\/types\/post"}],"author":[{"embeddable":true,"href":"https:\/\/stefantell.se\/blogg2\/wp-json\/wp\/v2\/users\/1"}],"replies":[{"embeddable":true,"href":"https:\/\/stefantell.se\/blogg2\/wp-json\/wp\/v2\/comments?post=551"}],"version-history":[{"count":2,"href":"https:\/\/stefantell.se\/blogg2\/wp-json\/wp\/v2\/posts\/551\/revisions"}],"predecessor-version":[{"id":555,"href":"https:\/\/stefantell.se\/blogg2\/wp-json\/wp\/v2\/posts\/551\/revisions\/555"}],"wp:featuredmedia":[{"embeddable":true,"href":"https:\/\/stefantell.se\/blogg2\/wp-json\/wp\/v2\/media\/554"}],"wp:attachment":[{"href":"https:\/\/stefantell.se\/blogg2\/wp-json\/wp\/v2\/media?parent=551"}],"wp:term":[{"taxonomy":"category","embeddable":true,"href":"https:\/\/stefantell.se\/blogg2\/wp-json\/wp\/v2\/categories?post=551"},{"taxonomy":"post_tag","embeddable":true,"href":"https:\/\/stefantell.se\/blogg2\/wp-json\/wp\/v2\/tags?post=551"}],"curies":[{"name":"wp","href":"https:\/\/api.w.org\/{rel}","templated":true}]}}