{"id":557,"date":"2022-05-31T10:31:08","date_gmt":"2022-05-31T08:31:08","guid":{"rendered":"https:\/\/stefantell.se\/blogg2\/?p=557"},"modified":"2022-06-03T23:54:59","modified_gmt":"2022-06-03T21:54:59","slug":"ide-for-lightroom-automatiskt-galleri-for-fokuskoll","status":"publish","type":"post","link":"https:\/\/stefantell.se\/blogg2\/ide-for-lightroom-automatiskt-galleri-for-fokuskoll\/","title":{"rendered":"Id\u00e9 f\u00f6r Lightroom, automatiskt galleri f\u00f6r fokuskoll"},"content":{"rendered":"\n<p>Att sortera ut alla skarpa bilder d\u00e4r fokus sitter d\u00e4r det ska i portr\u00e4tt tar tid, on\u00f6digt mycket tid, anser jag. Det borde inte vara om\u00f6jligt att bygga in en funktion i Lightroom som skulle kunna snabba upp den processen avsev\u00e4rt. <\/p>\n\n\n\n<p>Med hj\u00e4lp av AI eller liknande som kan identfiera \u00f6gon vore det n\u00e5got som skulle spara v\u00e4ldigt mycket tid f\u00f6r mig i alla fall.<\/p>\n\n\n\n<p>S\u00e5h\u00e4r t\u00e4nker jag mig den inbyggda funktionen: man importerar ett g\u00e4ng portr\u00e4tt i Lightroom och v\u00e4ljer sedan till exempel <strong>&#8221;Skapa galleri f\u00f6r fokuskontroll&#8221;<\/strong>. Sen skapar programmet ett rutn\u00e4t med inzoomade och beskurna virtuella kopior d\u00e4r ett eller tv\u00e5 \u00f6gon \u00e4r i centrum.<\/p>\n\n\n\n<figure class=\"wp-block-image size-full\"><img loading=\"lazy\" decoding=\"async\" width=\"1024\" height=\"530\" src=\"https:\/\/stefantell.se\/blogg2\/wp-content\/uploads\/2022\/05\/check-fokus-ide-lightroom-automatiskt-galleri.jpg\" alt=\"\" class=\"wp-image-559\" srcset=\"https:\/\/stefantell.se\/blogg2\/wp-content\/uploads\/2022\/05\/check-fokus-ide-lightroom-automatiskt-galleri.jpg 1024w, https:\/\/stefantell.se\/blogg2\/wp-content\/uploads\/2022\/05\/check-fokus-ide-lightroom-automatiskt-galleri-300x155.jpg 300w, https:\/\/stefantell.se\/blogg2\/wp-content\/uploads\/2022\/05\/check-fokus-ide-lightroom-automatiskt-galleri-768x398.jpg 768w, https:\/\/stefantell.se\/blogg2\/wp-content\/uploads\/2022\/05\/check-fokus-ide-lightroom-automatiskt-galleri-550x285.jpg 550w, https:\/\/stefantell.se\/blogg2\/wp-content\/uploads\/2022\/05\/check-fokus-ide-lightroom-automatiskt-galleri-966x500.jpg 966w\" sizes=\"auto, (max-width: 1024px) 100vw, 1024px\" \/><\/figure>\n\n\n\n<p>N\u00e4r det v\u00e4l \u00e4r gjort, man kanske f\u00e5r v\u00e4lja hur inzoomade portr\u00e4tten ska vara, \u00e4r det bara att snabbt g\u00e5 igenom bilderna och v\u00e4lja bort de som inte \u00e4r skarpa nog. Eller stj\u00e4rnmarkera de d\u00e4r fokus sitter r\u00e4tt som man vill, med en eller flera stj\u00e4rnor.<\/p>\n\n\n\n<h2 class=\"wp-block-heading\">V\u00e4nta mer en g\u00e5ng, eller lite m\u00e5nga?<\/h2>\n\n\n\n<p>Vips, s\u00e5 har man sluppit v\u00e4nta p\u00e5 Lightroom som kan vara ganska segt ibland om man vill granska bild efter bild i 100%. Att skapa det h\u00e4r galleriet kan s\u00e4kert ta lite tid, men hellre en lite l\u00e4ngre v\u00e4ntan en g\u00e5ng \u00e4n att beh\u00f6va v\u00e4nta mellan varje eller varannan bild som det \u00e4r nu.<\/p>\n\n\n\n<p>Ett tag anv\u00e4nde jag Photo Mechanic f\u00f6r st\u00f6rre urval innan jag sedan arbetade klart med bilderna i Lightroom, men varf\u00f6r inte ha det inbyggt i samma arbetsfl\u00f6de fr\u00e5n b\u00f6rjan? Jag t\u00e4nker mig att det h\u00e4r kanske fr\u00e4mst \u00e4r intressant f\u00f6r portr\u00e4ttfotografer, men att \u00e4ven produktfotografer kanske kan ha nytta av det?<\/p>\n\n\n\n<p>Att r\u00e5ka skicka med n\u00e5gra lite oskarpa portr\u00e4tt som sedan kunden r\u00e5kar v\u00e4lja \u00e4r aldrig kul, men s\u00e5nt h\u00e4nder ibland, hur noga man \u00e4n tycker att man \u00e4r. <\/p>\n\n\n\n<p><em>Till dess Adobe bygger en funktion som denna, har du n\u00e5gra tips p\u00e5 l\u00f6sningar som kan snabba upp processen att kolla sk\u00e4rpan p\u00e5 en massa bilder?<\/em><\/p>\n","protected":false},"excerpt":{"rendered":"<p>Att sortera ut alla skarpa bilder d\u00e4r fokus sitter d\u00e4r det ska i portr\u00e4tt tar tid, on\u00f6digt mycket tid, anser jag. Det borde inte vara om\u00f6jligt att bygga in en funktion i Lightroom som skulle kunna snabba upp den processen avsev\u00e4rt. Med hj\u00e4lp av AI eller liknande som kan identfiera \u00f6gon vore det n\u00e5got som skulle spara v\u00e4ldigt mycket tid f\u00f6r mig i alla fall&#8230;. <\/p>\n<p class=\"more\"><a class=\"more-link\" href=\"https:\/\/stefantell.se\/blogg2\/ide-for-lightroom-automatiskt-galleri-for-fokuskoll\/\">L\u00e4s hela inl\u00e4gget<\/a><\/p>\n","protected":false},"author":1,"featured_media":558,"comment_status":"open","ping_status":"open","sticky":false,"template":"","format":"standard","meta":{"_monsterinsights_skip_tracking":false,"_monsterinsights_sitenote_active":false,"_monsterinsights_sitenote_note":"","_monsterinsights_sitenote_category":0,"footnotes":""},"categories":[1],"tags":[],"class_list":["post-557","post","type-post","status-publish","format-standard","has-post-thumbnail","hentry","category-uncategorized","is-cat-link-borders-light is-cat-link-rounded"],"aioseo_notices":[],"jetpack_sharing_enabled":true,"jetpack_featured_media_url":"https:\/\/stefantell.se\/blogg2\/wp-content\/uploads\/2022\/05\/ide-lightroom-skarpa-fokus-ogon-ai-galleri-urval.jpg","_links":{"self":[{"href":"https:\/\/stefantell.se\/blogg2\/wp-json\/wp\/v2\/posts\/557","targetHints":{"allow":["GET"]}}],"collection":[{"href":"https:\/\/stefantell.se\/blogg2\/wp-json\/wp\/v2\/posts"}],"about":[{"href":"https:\/\/stefantell.se\/blogg2\/wp-json\/wp\/v2\/types\/post"}],"author":[{"embeddable":true,"href":"https:\/\/stefantell.se\/blogg2\/wp-json\/wp\/v2\/users\/1"}],"replies":[{"embeddable":true,"href":"https:\/\/stefantell.se\/blogg2\/wp-json\/wp\/v2\/comments?post=557"}],"version-history":[{"count":3,"href":"https:\/\/stefantell.se\/blogg2\/wp-json\/wp\/v2\/posts\/557\/revisions"}],"predecessor-version":[{"id":573,"href":"https:\/\/stefantell.se\/blogg2\/wp-json\/wp\/v2\/posts\/557\/revisions\/573"}],"wp:featuredmedia":[{"embeddable":true,"href":"https:\/\/stefantell.se\/blogg2\/wp-json\/wp\/v2\/media\/558"}],"wp:attachment":[{"href":"https:\/\/stefantell.se\/blogg2\/wp-json\/wp\/v2\/media?parent=557"}],"wp:term":[{"taxonomy":"category","embeddable":true,"href":"https:\/\/stefantell.se\/blogg2\/wp-json\/wp\/v2\/categories?post=557"},{"taxonomy":"post_tag","embeddable":true,"href":"https:\/\/stefantell.se\/blogg2\/wp-json\/wp\/v2\/tags?post=557"}],"curies":[{"name":"wp","href":"https:\/\/api.w.org\/{rel}","templated":true}]}}